{"id":4419,"date":"2019-03-18T11:21:57","date_gmt":"2019-03-18T11:21:57","guid":{"rendered":"http:\/\/www.saartekalandus.ee\/?p=4419"},"modified":"2019-06-18T10:18:41","modified_gmt":"2019-06-18T10:18:41","slug":"ungari-austria-oppereis","status":"publish","type":"post","link":"https:\/\/www.saartekalandus.ee\/?p=4419","title":{"rendered":"Ungari- Austria \u00f5ppereis"},"content":{"rendered":"<p>MT\u00dc-l Saarte Kalandus koost\u00f6\u00f6s MT\u00dc-ga Peipsi Kalanduspiirkonna Arendajate Kogu on plaanis ellu viia koost\u00f6\u00f6projekt nimega \u00a0<em>\u201eMT\u00dc Peipsi Kalanduspiirkonna Arendajate Kogu ja MT\u00dc Saarte Kalandus Ungari ja<\/em><em> Austria kalandust tutvustav koolitusreis.\u201c<\/em><\/p>\n<p><strong>Toimumisaeg:<\/strong>\u00a0(29) 30. juuli kuni 06. august 2019. a.<\/p>\n<p><strong>Koost\u00f6\u00f6projekti eesm\u00e4rk:<\/strong>\u00a0Koost\u00f6\u00f6projekti eesm\u00e4rgiks on tutvuda Ungari ja Austria erinevate kalanduse piirkondade ettev\u00f5tmistega, et teada saada, kuidas toimib kohalik kalandus- ja vesiviljelusvaldkond, kalandusega seotud toodete ja teenuste arendamine ning samuti kuidas on korraldatud ettev\u00f5tjate, omavalitsuste ja organisatsioonide vaheline t\u00f6\u00f6 ja koost\u00f6\u00f6v\u00f5rgustike toimimine. Samuti kalandus tegevuste mitmekesistamine ja turismi arendamine.<\/p>\n<p><strong>Sihtr\u00fchm:<\/strong>\u00a0MT\u00dc Peipsi Kalanduspiirkonna Arendajate Kogu liikmed ja liikmete esindajad, maksimum 1 esindaja \u00fche liikme kohta (kokku 16 inimest) ja Saaremaa kalanduspiirkonna kalurid ja kalandusettev\u00f5tjad ning muud piirkonnas kalandusvaldkonnaga tegelevad isikud (kokku 14) inimest, maksimum 1 esindaja \u00fche liikme kohta.<br \/>\n<strong>Koost\u00f6\u00f6projekti elluviimise asukoht:<\/strong>\u00a0Ungaris Balatoni, Valencei\u00a0 ja Austrias Neusiedleri j\u00e4rvede \u00fcmbrus ja j\u00e4rved.<\/p>\n<p>Alates 19. juunist kuni 28. juunini 2019. a on \u00fchingu liikmetel v\u00f5imalik registreeruda \u00f5ppereisile Ungari ja Austria kalanduspiirkondadesse. Registreerumine l\u00f5peb reedel, 28. juunil kell 15.00. Palun andke oma osalemise soovist ja v\u00f5imalikest tekkinud k\u00fcsimustest teada e- posti aadressil tegevjuht@saartekalandus.ee v\u00f5i helistage 5694 7288, 5690 7727.<\/p>\n<p><strong>\u00d5ppereisi programm:<\/strong> \u00f5ppereisi programm on koostamisel.<\/p>\n","protected":false},"excerpt":{"rendered":"<p>MT\u00dc-l Saarte Kalandus koost\u00f6\u00f6s MT\u00dc-ga Peipsi Kalanduspiirkonna Arendajate Kogu on plaanis ellu viia koost\u00f6\u00f6projekt nimega \u00a0\u201eMT\u00dc Peipsi Kalanduspiirkonna Arendajate Kogu ja MT\u00dc Saarte Kalandus Ungari ja Austria kalandust tutvustav koolitusreis.\u201c Toimumisaeg:\u00a0(29) 30. juuli kuni 06. august 2019. a. Koost\u00f6\u00f6projekti eesm\u00e4rk:\u00a0Koost\u00f6\u00f6projekti eesm\u00e4rgiks on tutvuda Ungari ja Austria erinevate kalanduse piirkondade ettev\u00f5tmistega, et teada saada, kuidas toimib [&hellip;]<\/p>\n","protected":false},"author":1,"featured_media":0,"comment_status":"closed","ping_status":"open","sticky":false,"template":"","format":"standard","meta":{"footnotes":""},"categories":[1],"tags":[],"class_list":["post-4419","post","type-post","status-publish","format-standard","hentry","category-uncategorized"],"_links":{"self":[{"href":"https:\/\/www.saartekalandus.ee\/index.php?rest_route=\/wp\/v2\/posts\/4419","targetHints":{"allow":["GET"]}}],"collection":[{"href":"https:\/\/www.saartekalandus.ee\/index.php?rest_route=\/wp\/v2\/posts"}],"about":[{"href":"https:\/\/www.saartekalandus.ee\/index.php?rest_route=\/wp\/v2\/types\/post"}],"author":[{"embeddable":true,"href":"https:\/\/www.saartekalandus.ee\/index.php?rest_route=\/wp\/v2\/users\/1"}],"replies":[{"embeddable":true,"href":"https:\/\/www.saartekalandus.ee\/index.php?rest_route=%2Fwp%2Fv2%2Fcomments&post=4419"}],"version-history":[{"count":3,"href":"https:\/\/www.saartekalandus.ee\/index.php?rest_route=\/wp\/v2\/posts\/4419\/revisions"}],"predecessor-version":[{"id":4522,"href":"https:\/\/www.saartekalandus.ee\/index.php?rest_route=\/wp\/v2\/posts\/4419\/revisions\/4522"}],"wp:attachment":[{"href":"https:\/\/www.saartekalandus.ee\/index.php?rest_route=%2Fwp%2Fv2%2Fmedia&parent=4419"}],"wp:term":[{"taxonomy":"category","embeddable":true,"href":"https:\/\/www.saartekalandus.ee\/index.php?rest_route=%2Fwp%2Fv2%2Fcategories&post=4419"},{"taxonomy":"post_tag","embeddable":true,"href":"https:\/\/www.saartekalandus.ee\/index.php?rest_route=%2Fwp%2Fv2%2Ftags&post=4419"}],"curies":[{"name":"wp","href":"https:\/\/api.w.org\/{rel}","templated":true}]}}